{"id":4328,"date":"2018-11-17T10:35:38","date_gmt":"2018-11-17T10:35:38","guid":{"rendered":"http:\/\/oliveirobra.dotpro.pt\/novo\/formation-a-la-securite-et-a-la-sante-au-travail\/"},"modified":"2019-02-21T11:58:04","modified_gmt":"2019-02-21T11:58:04","slug":"formation-a-la-securite-et-a-la-sante-au-travail","status":"publish","type":"post","link":"https:\/\/oliveirobra.pt\/fr\/formation-a-la-securite-et-a-la-sante-au-travail\/","title":{"rendered":"Formation \u00e0 la s\u00e9curit\u00e9 et \u00e0 la sant\u00e9 au travail"},"content":{"rendered":"<div class=\"wpb-content-wrapper\"><p>[vc_row][vc_column width=\u00a0\u00bb1\/3&Prime;][vc_single_image image=\u00a0\u00bb10&Prime; img_size=\u00a0\u00bblarge\u00a0\u00bb][\/vc_column][vc_column width=\u00a0\u00bb2\/3&Prime;][vc_column_text]Oliveirobra a promu la formation dans le domaine de la s\u00e9curit\u00e9 et de la sant\u00e9 au travail dans le cadre d\u2019une entreprise, le 10 novembre dernier, 2018, le matin, dans ses installations.<\/p>\n<p>L\u2019initiative comprenait la formation aux proc\u00e9dures d\u2019urgence dans le traitement des extincteurs et des grues, en plus des questions li\u00e9es \u00e0 la fourniture de premiers soins dans diff\u00e9rentes zones d\u2019un accident.[\/vc_column_text][\/vc_column][\/vc_row]<\/p>\n<\/div>","protected":false},"excerpt":{"rendered":"<p>[vc_row][vc_column width=\u00a0\u00bb1\/3&Prime;][vc_single_image image=\u00a0\u00bb10&Prime; img_size=\u00a0\u00bblarge\u00a0\u00bb][\/vc_column][vc_column width=\u00a0\u00bb2\/3&Prime;][vc_column_text]Oliveirobra a promu la formation dans le domaine de la s\u00e9curit\u00e9 et de la sant\u00e9 au travail dans le cadre d\u2019une entreprise, le 10 novembre dernier, 2018, le matin, dans ses installations. L\u2019initiative comprenait la formation aux proc\u00e9dures d\u2019urgence dans le traitement des extincteurs et des grues, en plus des questions&hellip;<\/p>\n","protected":false},"author":2,"featured_media":3227,"comment_status":"closed","ping_status":"closed","sticky":false,"template":"","format":"standard","meta":{"footnotes":""},"categories":[82],"tags":[],"class_list":["post-4328","post","type-post","status-publish","format-standard","has-post-thumbnail","hentry","category-nouvelles-fr","category-82","description-off"],"_links":{"self":[{"href":"https:\/\/oliveirobra.pt\/fr\/wp-json\/wp\/v2\/posts\/4328","targetHints":{"allow":["GET"]}}],"collection":[{"href":"https:\/\/oliveirobra.pt\/fr\/wp-json\/wp\/v2\/posts"}],"about":[{"href":"https:\/\/oliveirobra.pt\/fr\/wp-json\/wp\/v2\/types\/post"}],"author":[{"embeddable":true,"href":"https:\/\/oliveirobra.pt\/fr\/wp-json\/wp\/v2\/users\/2"}],"replies":[{"embeddable":true,"href":"https:\/\/oliveirobra.pt\/fr\/wp-json\/wp\/v2\/comments?post=4328"}],"version-history":[{"count":0,"href":"https:\/\/oliveirobra.pt\/fr\/wp-json\/wp\/v2\/posts\/4328\/revisions"}],"wp:featuredmedia":[{"embeddable":true,"href":"https:\/\/oliveirobra.pt\/fr\/wp-json\/wp\/v2\/media\/3227"}],"wp:attachment":[{"href":"https:\/\/oliveirobra.pt\/fr\/wp-json\/wp\/v2\/media?parent=4328"}],"wp:term":[{"taxonomy":"category","embeddable":true,"href":"https:\/\/oliveirobra.pt\/fr\/wp-json\/wp\/v2\/categories?post=4328"},{"taxonomy":"post_tag","embeddable":true,"href":"https:\/\/oliveirobra.pt\/fr\/wp-json\/wp\/v2\/tags?post=4328"}],"curies":[{"name":"wp","href":"https:\/\/api.w.org\/{rel}","templated":true}]}}